{"id":136,"date":"2025-02-24T16:56:43","date_gmt":"2025-02-24T15:56:43","guid":{"rendered":"https:\/\/jonkopingsoratoriekor.se\/?p=136"},"modified":"2025-02-24T16:56:43","modified_gmt":"2025-02-24T15:56:43","slug":"varterminen-2025-ar-har","status":"publish","type":"post","link":"https:\/\/jonkopingsoratoriekor.se\/index.php\/2025\/02\/24\/varterminen-2025-ar-har\/","title":{"rendered":"V\u00e5rterminen 2025 \u00e4r h\u00e4r"},"content":{"rendered":"\n<p class=\"wp-block-paragraph\">Just nu \u00f6var vi intensivt p\u00e5 Johannespassionen av Bach inf\u00f6r v\u00e5r konsert den 16\/4. Det \u00e4r ett m\u00e4ktigt och vackert verk som kr\u00e4ver ett gediget f\u00f6rarbete. Men det \u00e4r ocks\u00e5 en fantastisk gl\u00e4dje att f\u00e5 vara med!<\/p>\n\n\n\n<figure class=\"wp-block-image size-full\"><img loading=\"lazy\" decoding=\"async\" width=\"800\" height=\"493\" src=\"https:\/\/jonkopingsoratoriekor.se\/wp-content\/uploads\/2025\/02\/Bach_rep2.jpg\" alt=\"\" class=\"wp-image-137\" srcset=\"https:\/\/jonkopingsoratoriekor.se\/wp-content\/uploads\/2025\/02\/Bach_rep2.jpg 800w, https:\/\/jonkopingsoratoriekor.se\/wp-content\/uploads\/2025\/02\/Bach_rep2-300x185.jpg 300w, https:\/\/jonkopingsoratoriekor.se\/wp-content\/uploads\/2025\/02\/Bach_rep2-768x473.jpg 768w\" sizes=\"auto, (max-width: 800px) 100vw, 800px\" \/><\/figure>\n","protected":false},"excerpt":{"rendered":"<p>Just nu \u00f6var vi intensivt p\u00e5 Johannespassionen av Bach inf\u00f6r v\u00e5r konsert den 16\/4. Det \u00e4r ett m\u00e4ktigt och vackert verk som kr\u00e4ver ett gediget f\u00f6rarbete. Men det \u00e4r ocks\u00e5 en fantastisk gl\u00e4dje att f\u00e5 vara med!<\/p>\n","protected":false},"author":1,"featured_media":0,"comment_status":"closed","ping_status":"open","sticky":false,"template":"","format":"standard","meta":{"inline_featured_image":false,"footnotes":""},"categories":[1],"tags":[],"class_list":["post-136","post","type-post","status-publish","format-standard","hentry","category-uncategorized"],"_links":{"self":[{"href":"https:\/\/jonkopingsoratoriekor.se\/index.php\/wp-json\/wp\/v2\/posts\/136","targetHints":{"allow":["GET"]}}],"collection":[{"href":"https:\/\/jonkopingsoratoriekor.se\/index.php\/wp-json\/wp\/v2\/posts"}],"about":[{"href":"https:\/\/jonkopingsoratoriekor.se\/index.php\/wp-json\/wp\/v2\/types\/post"}],"author":[{"embeddable":true,"href":"https:\/\/jonkopingsoratoriekor.se\/index.php\/wp-json\/wp\/v2\/users\/1"}],"replies":[{"embeddable":true,"href":"https:\/\/jonkopingsoratoriekor.se\/index.php\/wp-json\/wp\/v2\/comments?post=136"}],"version-history":[{"count":1,"href":"https:\/\/jonkopingsoratoriekor.se\/index.php\/wp-json\/wp\/v2\/posts\/136\/revisions"}],"predecessor-version":[{"id":138,"href":"https:\/\/jonkopingsoratoriekor.se\/index.php\/wp-json\/wp\/v2\/posts\/136\/revisions\/138"}],"wp:attachment":[{"href":"https:\/\/jonkopingsoratoriekor.se\/index.php\/wp-json\/wp\/v2\/media?parent=136"}],"wp:term":[{"taxonomy":"category","embeddable":true,"href":"https:\/\/jonkopingsoratoriekor.se\/index.php\/wp-json\/wp\/v2\/categories?post=136"},{"taxonomy":"post_tag","embeddable":true,"href":"https:\/\/jonkopingsoratoriekor.se\/index.php\/wp-json\/wp\/v2\/tags?post=136"}],"curies":[{"name":"wp","href":"https:\/\/api.w.org\/{rel}","templated":true}]}}